{"Tytu\u0142":"ZARZ\u0104DZENIE NR SCP.ZD.010-16\/21","Tre\u015b\u0107":{"lead":"<span style=\"color: #333333; font-family: 'Noto Sans', Arial, sans-serif; font-size: 12pt; font-style: normal; font-variant-ligatures: normal; font-variant-caps: normal; font-weight: 500; letter-spacing: normal; text-align: start; text-indent: 0px; text-transform: none; white-space: normal; word-spacing: 0px; -webkit-text-stroke-width: 0px; background-color: #ffffff; text-decoration-thickness: initial; text-decoration-style: initial; text-decoration-color: initial; display: inline !important; float: none;\">Zarz\u0105dzenie nr SCP.ZD.010-16\/21 Dyrektora \u015al\u0105skiego Centrum Przedsi\u0119biorczo\u015bci z dnia 30 marca 2021 r. <\/span>","content":"w sprawie skr\u00f3cenia czasu pracy w \u015al\u0105skim Centrum Przedsi\u0119biorczo\u015bci w Chorzowie w dniu 2 kwietnia 2021 r."},"Pliki dokument\u00f3w":[{"id":504,"object_id":201,"size":162553,"type":"application\/pdf","general_type":"application","name":"content_201\/606d75af0da718.19504326.pdf","original_name":"16 - Skr\u00f3cenie godzin pracy.pdf","title":"Zarz\u0105dzenie nr 16","description":"Zarz\u0105dzenie nr 16","active":1,"sort":1,"create_user_id":null,"update_user_id":null,"created_at":"2021-04-07 11:04:47","updated_at":"2021-04-07 11:05:08","object_type":"content"},{"id":505,"object_id":201,"size":30720,"type":"application\/msword","general_type":"application","name":"content_201\/606d75b0675785.05517438.doc","original_name":"Zarz\u0105dzenie nr 16.doc","title":"Zarz\u0105dzenie nr 16","description":"Zarz\u0105dzenie nr 16","active":1,"sort":2,"create_user_id":null,"update_user_id":null,"created_at":"2021-04-07 11:04:48","updated_at":"2021-04-07 11:05:16","object_type":"content"}],"Pliki iobrazk\u00f3w":[],"Pliki audio":[],"Linki":[],"Video":[],"Okruszki":[{"title":"Strona g\u0142\u00f3wna","link":"\/","target":"_self"}],"Historia zmian":[{"message":"Wprowadzenie zmian w opisie do\u0142\u0105czonego do informacji pliku","user_name":"Grzegorz Gacek","date":"2021-04-07 11:05:16"},{"message":"Wprowadzenie zmian w opisie do\u0142\u0105czonego do informacji pliku","user_name":"Grzegorz Gacek","date":"2021-04-07 11:05:08"},{"message":"Do\u0142\u0105czenie do informacji za\u0142\u0105cznika w formie pliku","user_name":"Grzegorz Gacek","date":"2021-04-07 11:04:48"},{"message":"Do\u0142\u0105czenie do informacji za\u0142\u0105cznika w formie pliku","user_name":"Grzegorz Gacek","date":"2021-04-07 11:04:47"},{"message":"zmiana wielkosci czcionki","user_name":"Grzegorz Gacek","date":"2021-04-07 11:04:15"},{"message":"dodanie artyku\u0142u","user_name":"Grzegorz Gacek","date":"2021-04-07 11:03:01"}]}