{"Tytu\u0142":"Kontrola zewn\u0119trzna nr: 5\/2026","Tre\u015b\u0107":{"lead":"Kontrola zaanga\u017cowania godzinowego personelu projekt\u00f3w","content":"<table border=\"2\" style=\"width: 911px;\">\n<tbody>\n<tr style=\"height: 13px;\">\n<td style=\"width: 234.021px; height: 13px;\"><strong>Podmiot kontroluj\u0105cy:<\/strong><\/td>\n<td style=\"width: 658.979px; height: 13px;\">Ministerstwo Funduszy i Polityki Regionalnej<\/td>\n<\/tr>\n<tr style=\"height: 13px;\">\n<td style=\"width: 234.021px; height: 13px;\"><strong>Termin rozpocz\u0119cia kontroli:<\/strong><\/td>\n<td style=\"width: 658.979px; height: 13px;\">2026-04-02<\/td>\n<\/tr>\n<tr style=\"height: 13.8194px;\">\n<td style=\"width: 234.021px; height: 13.8194px;\"><strong>Kontrola zewn\u0119trzna nr:<\/strong><\/td>\n<td style=\"width: 658.979px; height: 13.8194px;\">5\/2026<\/td>\n<\/tr>\n<tr style=\"height: 13px;\">\n<td style=\"width: 234.021px; height: 13px;\"><strong>Podmiot kontrolowany:<\/strong><\/td>\n<td style=\"width: 658.979px; height: 13px;\">\u015al\u0105skie Centrum Przedsi\u0119biorczo\u015bci<\/td>\n<\/tr>\n<tr style=\"height: 26px;\">\n<td style=\"width: 234.021px; height: 26px;\"><strong>Zakres czasowy i tematyczny kontroli:<\/strong><\/td>\n<td style=\"width: 658.979px; height: 26px;\">\n<p>Kontrola zaanga\u017cowania godzinowego personelu projekt\u00f3w<\/p>\n<\/td>\n<\/tr>\n<tr style=\"height: 13px;\">\n<td style=\"width: 234.021px; height: 13px;\"><strong>Wyniki zako\u0144czonej kontroli:<\/strong><\/td>\n<td style=\"width: 658.979px; height: 13px;\">Czynno\u015bci kontrolne w toku<\/td>\n<\/tr>\n<\/tbody>\n<\/table>"},"Pliki dokument\u00f3w":[],"Pliki iobrazk\u00f3w":[],"Pliki audio":[],"Linki":[],"Video":[],"Okruszki":[{"title":"Strona g\u0142\u00f3wna","link":"\/","target":"_self"}],"Historia zmian":[{"message":"dodanie artyku\u0142u","user_name":"Grzegorz Gacek","date":"2026-08-20 09:11:54"}]}