{"Tytu\u0142":"Kontrola zewn\u0119trzna nr: 7\/2026","Tre\u015b\u0107":{"lead":"Audyt systemu zarz\u0105dzania i kontroli w zakresie gospodarowania \u015brodkami pochodz\u0105cymi z bud\u017cetu Unii Europejskiej w ramach Programu Fundusze Europejskie dla \u015al\u0105skiego 2021-2027","content":"<table border=\"2\" style=\"width: 911px;\">\n<tbody>\n<tr style=\"height: 13px;\">\n<td style=\"width: 234.021px; height: 13px;\"><strong>Podmiot kontroluj\u0105cy:<\/strong><\/td>\n<td style=\"width: 658.979px; height: 13px;\">Krajowa Administracja Skarbowa<\/td>\n<\/tr>\n<tr style=\"height: 13px;\">\n<td style=\"width: 234.021px; height: 13px;\"><strong>Termin rozpocz\u0119cia kontroli:<\/strong><\/td>\n<td style=\"width: 658.979px; height: 13px;\">2026-05-04<\/td>\n<\/tr>\n<tr style=\"height: 13.8125px;\">\n<td style=\"width: 234.021px; height: 13.8125px;\"><strong>Kontrola zewn\u0119trzna nr:<\/strong><\/td>\n<td style=\"width: 658.979px; height: 13.8125px;\">7\/2026<\/td>\n<\/tr>\n<tr style=\"height: 13px;\">\n<td style=\"width: 234.021px; height: 13px;\"><strong>Podmiot kontrolowany:<\/strong><\/td>\n<td style=\"width: 658.979px; height: 13px;\">\u015al\u0105skie Centrum Przedsi\u0119biorczo\u015bci<\/td>\n<\/tr>\n<tr style=\"height: 26px;\">\n<td style=\"width: 234.021px; height: 26px;\"><strong>Zakres czasowy i tematyczny kontroli:<\/strong><\/td>\n<td style=\"width: 658.979px; height: 26px;\">\n<p>Audyt systemu zarz\u0105dzania i kontroli w zakresie gospodarowania \u015brodkami pochodz\u0105cymi z bud\u017cetu Unii Europejskiej w ramach Programu Fundusze Europejskie dla \u015al\u0105skiego 2021-2027<\/p>\n<\/td>\n<\/tr>\n<tr style=\"height: 13px;\">\n<td style=\"width: 234.021px; height: 13px;\"><strong>Wyniki zako\u0144czonej kontroli:<\/strong><\/td>\n<td style=\"width: 658.979px; height: 13px;\">Czynno\u015bci kontrolne w toku<\/td>\n<\/tr>\n<\/tbody>\n<\/table>"},"Pliki dokument\u00f3w":[],"Pliki iobrazk\u00f3w":[],"Pliki audio":[],"Linki":[],"Video":[],"Okruszki":[{"title":"Strona g\u0142\u00f3wna","link":"\/","target":"_self"}],"Historia zmian":[{"message":"dodanie artyku\u0142u","user_name":"Grzegorz Gacek","date":"2026-08-20 09:25:10"}]}