{"Tytu\u0142":"Regulamin ogranizacyjny z 18 Pa\u017adziernika 2023 r.","Tre\u015b\u0107":{"lead":"<span><span>Regulaminu Organizacyjny \u015al\u0105skiego Centrum Przedsi\u0119biorczo\u015bci stanowi\u0105cy Za\u0142\u0105cznik nr 2\u00a0<\/span><\/span>do Uchwa\u0142y nr 2186\/457\/VI\/2023 Zarz\u0105du Wojew\u00f3dztwa \u015al\u0105skiego\u00a0<span>z dn. 18 pa\u017adziernika 2023 r<\/span>","content":null},"Pliki dokument\u00f3w":[{"id":2860,"object_id":652,"size":686544,"type":"application\/pdf","general_type":"application","name":"content_652\/653fb14bbea934.70466662.pdf","original_name":"Regulamin organizacyjny.pdf","title":"Regulamin organizacyjny","description":"Regulamin organizacyjny","active":1,"sort":1,"create_user_id":null,"update_user_id":null,"created_at":"2023-10-30 14:36:11","updated_at":"2023-10-30 14:36:22","object_type":"content"},{"id":2859,"object_id":652,"size":374605,"type":"application\/vnd.openxmlfo","general_type":"application","name":"content_652\/653fb14b5a1347.38701800.docx","original_name":"Regulamin organizacyjny.docx","title":"Regulamin organizacyjny","description":"Regulamin organizacyjny","active":1,"sort":2,"create_user_id":null,"update_user_id":null,"created_at":"2023-10-30 14:36:11","updated_at":"2023-10-30 14:36:31","object_type":"content"}],"Pliki iobrazk\u00f3w":[],"Pliki audio":[],"Linki":[],"Video":[],"Okruszki":[{"title":"Strona g\u0142\u00f3wna","link":"\/","target":"_self"}],"Historia zmian":[{"message":"Wprowadzenie zmian w opisie do\u0142\u0105czonego do informacji pliku","user_name":"Grzegorz Gacek","date":"2023-10-30 14:36:31"},{"message":"Wprowadzenie zmian w opisie do\u0142\u0105czonego do informacji pliku","user_name":"Grzegorz Gacek","date":"2023-10-30 14:36:23"},{"message":"Do\u0142\u0105czenie do informacji za\u0142\u0105cznika w formie pliku","user_name":"Grzegorz Gacek","date":"2023-10-30 14:36:11"},{"message":"Do\u0142\u0105czenie do informacji za\u0142\u0105cznika w formie pliku","user_name":"Grzegorz Gacek","date":"2023-10-30 14:36:11"},{"message":"dodanie artyku\u0142u","user_name":"Grzegorz Gacek","date":"2023-10-30 14:35:50"}]}