{"Tytu\u0142":"Zarz\u0105dzenia Dyrektora \u015aCP Nr SCP.ZD.010-21\/22 z dnia 10 sierpnia 2022r.","Tre\u015b\u0107":{"lead":"w sprawie powo\u0142ania Zespo\u0142u Likwidacyjnego.","content":null},"Pliki dokument\u00f3w":[{"id":1635,"object_id":420,"size":139217,"type":"application\/pdf","general_type":"application","name":"content_420\/62f3a3d5edaf75.69394750.pdf","original_name":"Zarz\u0105dzenie w sprawie powo\u0142ania Zespo\u0142u Likwidacyjnego.pdf","title":"Zarz\u0105dzenie w sprawie powo\u0142ania Zespo\u0142u Likwidacyjnego","description":"Zarz\u0105dzenie w sprawie powo\u0142ania Zespo\u0142u Likwidacyjnego","active":1,"sort":1,"create_user_id":null,"update_user_id":null,"created_at":"2022-08-10 14:25:57","updated_at":"2022-08-10 14:26:08","object_type":"content"},{"id":1634,"object_id":420,"size":19840,"type":"application\/vnd.openxmlfo","general_type":"application","name":"content_420\/62f3a3d56b11e8.35328100.docx","original_name":"Zarz\u0105dzenie w sprawie powo\u0142ania Zespo\u0142u Likwidacyjnego.docx","title":"Zarz\u0105dzenie w sprawie powo\u0142ania Zespo\u0142u Likwidacyjnego","description":"Zarz\u0105dzenie w sprawie powo\u0142ania Zespo\u0142u Likwidacyjnego","active":1,"sort":2,"create_user_id":null,"update_user_id":null,"created_at":"2022-08-10 14:25:57","updated_at":"2022-08-10 14:26:15","object_type":"content"}],"Pliki iobrazk\u00f3w":[],"Pliki audio":[],"Linki":[],"Video":[],"Okruszki":[{"title":"Strona g\u0142\u00f3wna","link":"\/","target":"_self"}],"Historia zmian":[{"message":"Wprowadzenie zmian w opisie do\u0142\u0105czonego do informacji pliku","user_name":"Grzegorz Gacek","date":"2022-08-10 14:26:15"},{"message":"Wprowadzenie zmian w opisie do\u0142\u0105czonego do informacji pliku","user_name":"Grzegorz Gacek","date":"2022-08-10 14:26:08"},{"message":"Do\u0142\u0105czenie do informacji za\u0142\u0105cznika w formie pliku","user_name":"Grzegorz Gacek","date":"2022-08-10 14:26:01"},{"message":"Do\u0142\u0105czenie do informacji za\u0142\u0105cznika w formie pliku","user_name":"Grzegorz Gacek","date":"2022-08-10 14:25:57"},{"message":"dodanie artyku\u0142u","user_name":"Grzegorz Gacek","date":"2022-08-10 14:25:31"}]}